{"id":2583,"date":"2026-04-22T11:34:57","date_gmt":"2026-04-22T09:34:57","guid":{"rendered":"https:\/\/www.shippers.cat\/el-consell-dusuaris-del-transport-de-catalunya-celebra-su-asamblea-general-y-renueva-la-presidencia\/"},"modified":"2026-04-22T11:36:24","modified_gmt":"2026-04-22T09:36:24","slug":"asamblea-general-renovacion-presidencia","status":"publish","type":"post","link":"https:\/\/www.shippers.cat\/es\/asamblea-general-renovacion-presidencia\/","title":{"rendered":"El Consell d\u2019Usuaris del Transport de Catalunya celebra su Asamblea General y renueva la presidencia"},"content":{"rendered":"<p>El Consell d\u2019Usuaris del Transport de Catalunya ha celebrado su Asamblea General Ordinaria y Extraordinaria en el Teatret del Serrallo, en Port Tarragona, en una jornada clave para la entidad que ha servido para cerrar el ejercicio 2025, dar inicio a 2026 y formalizar el relevo en la presidencia.<\/p>\n<h2>Jornada institucional en Port Tarragona con participaci\u00f3n del sector<\/h2>\n<p>La Asamblea del Consell ha reunido a sus asociados en un encuentro que combina balance, toma de decisiones y an\u00e1lisis del contexto actual del transporte y la log\u00edstica.<\/p>\n<p>&nbsp;<\/p>\n<h3>Cierre de ejercicio y mirada puesta en 2026<\/h3>\n<p>Durante la Asamblea General Ordinaria se han cumplido todos los tr\u00e1mites legales correspondientes al cierre del a\u00f1o 2025 y la apertura del nuevo ejercicio, marcando el inicio de una nueva etapa de trabajo para la entidad.<\/p>\n<p>La sesi\u00f3n se ha celebrado en el Teatret del Serrallo, en Port Tarragona, y ha contado con la presencia del presidente del Puerto de Tarragona, Santiago Castell\u00e0 Surribas, quien ha acompa\u00f1ado a los asistentes en esta jornada institucional.<\/p>\n<p>&nbsp;<\/p>\n<h3>An\u00e1lisis geopol\u00edtico en un contexto de m\u00e1xima incertidumbre<\/h3>\n<p>El encuentro ha incluido tambi\u00e9n una ponencia a cargo de V\u00edctor Burguete Vidal, experto senior en geopol\u00edtica de CIDOB (Barcelona Centre for International Affairs), quien ha abordado los principales retos internacionales que est\u00e1n impactando en la log\u00edstica y el comercio global.<\/p>\n<p>Su intervenci\u00f3n ha permitido contextualizar el momento actual, marcado por tensiones geopol\u00edticas que afectan directamente a las cadenas de suministro.<\/p>\n<h2>Renovaci\u00f3n en la presidencia del Consell<\/h2>\n<p>La jornada ha estado marcada tambi\u00e9n por la celebraci\u00f3n de la Asamblea General Extraordinaria Electoral, en la que se ha formalizado el relevo en la presidencia de la entidad.<\/p>\n<p>&nbsp;<\/p>\n<div id=\"attachment_2571\" style=\"width: 260px\" class=\"wp-caption alignleft\"><img loading=\"lazy\" decoding=\"async\" aria-describedby=\"caption-attachment-2571\" class=\"wp-image-2571\" src=\"https:\/\/www.shippers.cat\/wp-content\/uploads\/2026\/04\/Monica-Viloria-Cadenas.jpeg\" alt=\"\" width=\"250\" height=\"242\" srcset=\"https:\/\/www.shippers.cat\/wp-content\/uploads\/2026\/04\/Monica-Viloria-Cadenas.jpeg 1600w, https:\/\/www.shippers.cat\/wp-content\/uploads\/2026\/04\/Monica-Viloria-Cadenas-300x291.jpeg 300w, https:\/\/www.shippers.cat\/wp-content\/uploads\/2026\/04\/Monica-Viloria-Cadenas-1024x993.jpeg 1024w, https:\/\/www.shippers.cat\/wp-content\/uploads\/2026\/04\/Monica-Viloria-Cadenas-768x744.jpeg 768w, https:\/\/www.shippers.cat\/wp-content\/uploads\/2026\/04\/Monica-Viloria-Cadenas-200x194.jpeg 200w, https:\/\/www.shippers.cat\/wp-content\/uploads\/2026\/04\/Monica-Viloria-Cadenas-1536x1489.jpeg 1536w, https:\/\/www.shippers.cat\/wp-content\/uploads\/2026\/04\/Monica-Viloria-Cadenas-1080x1047.jpeg 1080w\" sizes=\"auto, (max-width: 250px) 100vw, 250px\" \/><p id=\"caption-attachment-2571\" class=\"wp-caption-text\">M\u00f3nica Viloria Cadenas<\/p><\/div>\n<p>&nbsp;<\/p>\n<h3>M\u00f3nica Viloria Cadenas asume la presidencia<\/h3>\n<p>M\u00f3nica Viloria Cadenas, de la empresa Ercros, ha sido nombrada nueva presidenta del Consell para los pr\u00f3ximos cuatro a\u00f1os. En su primera intervenci\u00f3n, ha trasladado su ilusi\u00f3n por asumir esta responsabilidad en un momento especialmente relevante para el sector.<\/p>\n<p>Con este relevo, el Consell inicia una nueva etapa en la que continuar\u00e1 trabajando para representar los intereses de los cargadores, compartir conocimiento y dar respuesta a los retos del transporte y la log\u00edstica.<\/p>\n<p>&nbsp;<\/p>\n<p>&nbsp;<\/p>\n<h3>Continuidad en la Junta y reconocimiento a la presidencia saliente<\/h3>\n<p>La presidenta saliente, Fanny Torras, continuar\u00e1 formando parte de la Junta como vocal, con el objetivo de facilitar el traspaso y dar continuidad al trabajo realizado.<\/p>\n<p>Desde el Consell se ha querido destacar su dedicaci\u00f3n y el compromiso demostrado durante su etapa al frente de la organizaci\u00f3n.<\/p>\n<h2>Un espacio consolidado para la representaci\u00f3n del sector log\u00edstico<\/h2>\n<p>La Junta del Consell, integrada por ocho empresas asociadas junto con la Cambra de Comer\u00e7 de Barcelona y el Consell General de Cambres de Catalunya, mantiene su papel como punto de encuentro entre empresas cargadoras e instituciones.<\/p>\n<p>Este marco de colaboraci\u00f3n permite mantener una visi\u00f3n compartida sobre los retos del transporte mar\u00edtimo y la log\u00edstica internacional, reforzando la capacidad del colectivo para anticipar cambios y dar respuesta a un entorno cada vez m\u00e1s exigente.<\/p>\n","protected":false},"excerpt":{"rendered":"<p>El Consell d\u2019Usuaris del Transport de Catalunya ha celebrado su Asamblea General Ordinaria y Extraordinaria, que ha servido para cerrar el ejercicio 2025 y formalizar el relevo en la presidencia.<\/p>\n","protected":false},"author":3,"featured_media":2570,"comment_status":"closed","ping_status":"closed","sticky":false,"template":"","format":"standard","meta":{"footnotes":""},"categories":[37,44],"tags":[],"class_list":["post-2583","post","type-post","status-publish","format-standard","has-post-thumbnail","hentry","category-actualidad","category-actualitat-es"],"_links":{"self":[{"href":"https:\/\/www.shippers.cat\/es\/wp-json\/wp\/v2\/posts\/2583","targetHints":{"allow":["GET"]}}],"collection":[{"href":"https:\/\/www.shippers.cat\/es\/wp-json\/wp\/v2\/posts"}],"about":[{"href":"https:\/\/www.shippers.cat\/es\/wp-json\/wp\/v2\/types\/post"}],"author":[{"embeddable":true,"href":"https:\/\/www.shippers.cat\/es\/wp-json\/wp\/v2\/users\/3"}],"replies":[{"embeddable":true,"href":"https:\/\/www.shippers.cat\/es\/wp-json\/wp\/v2\/comments?post=2583"}],"version-history":[{"count":1,"href":"https:\/\/www.shippers.cat\/es\/wp-json\/wp\/v2\/posts\/2583\/revisions"}],"predecessor-version":[{"id":2584,"href":"https:\/\/www.shippers.cat\/es\/wp-json\/wp\/v2\/posts\/2583\/revisions\/2584"}],"wp:featuredmedia":[{"embeddable":true,"href":"https:\/\/www.shippers.cat\/es\/wp-json\/wp\/v2\/media\/2570"}],"wp:attachment":[{"href":"https:\/\/www.shippers.cat\/es\/wp-json\/wp\/v2\/media?parent=2583"}],"wp:term":[{"taxonomy":"category","embeddable":true,"href":"https:\/\/www.shippers.cat\/es\/wp-json\/wp\/v2\/categories?post=2583"},{"taxonomy":"post_tag","embeddable":true,"href":"https:\/\/www.shippers.cat\/es\/wp-json\/wp\/v2\/tags?post=2583"}],"curies":[{"name":"wp","href":"https:\/\/api.w.org\/{rel}","templated":true}]}}